{"id":1257,"date":"2021-11-04T01:50:40","date_gmt":"2021-11-04T04:50:40","guid":{"rendered":"https:\/\/cnor.org.br\/wp\/?p=1257"},"modified":"2021-11-04T01:52:26","modified_gmt":"2021-11-04T04:52:26","slug":"dia-do-oficial-r-2","status":"publish","type":"post","link":"https:\/\/cnor.org.br\/wp\/2021\/11\/04\/dia-do-oficial-r-2\/","title":{"rendered":"Dia do Oficial R\/2"},"content":{"rendered":"\n<p>Luis de Ara\u00fajo Correia Lima nasceu em 04 de novembro de 1891. Espelhado no seu pai o General de Divis\u00e3o Gon\u00e7alo Correia Lima seguiu, tamb\u00e9m, na vida militar.<\/p>\n\n\n\n<p>Formado no Curso de Artilharia da Escola Militar do Realengo, exerceu atividades de vigil\u00e2ncia do litoral e da costa brasileira durante a Primeira Guerra Mundial.<\/p>\n\n\n\n<p>Com o t\u00e9rmino da guerra, realizou estudos quanto a recomposi\u00e7\u00e3o do efetivo nos Ex\u00e9rcitos Europeus, mais especificamente no recrutamento e recompletamento dos claros nas suas fileiras.<\/p>\n\n\n\n<p>Tendo por base este estudo, idealizou a cria\u00e7\u00e3o de um Centro de Prepara\u00e7\u00e3o de Oficiais que supriria a car\u00eancia de Primeiros e Segundos Tenentes na corpora\u00e7\u00e3o.<\/p>\n\n\n\n<p>Ultrapassada a fase de estrutura\u00e7\u00e3o e organiza\u00e7\u00e3o, em 22 de abril de 1927, por ato do Ministro da Guerra, foi criado o primeiro Centro de Prepara\u00e7\u00e3o de Oficiais da Reserva na cidade do Rio de Janeiro, sendo o Capit\u00e3o Correia Lima seu primeiro comandante.<\/p>\n\n\n\n<p>Correia Lima foi assassinado em 05 de setembro de 1930, quando servia no 9\u00ba Regimento de Artilharia Montada, na cidade de Curitiba, por\u00e9m o acerto da sua cria\u00e7\u00e3o foi imediato e solidificou-se durante a 2\u00aa Guerra Mundial, onde 433 Oficiais formados pelos CPORs integraram as fileiras da For\u00e7a Expedicion\u00e1ria Brasileira, sendo que exatamente a metade dos Tenentes mortos em a\u00e7\u00e3o eram oriundos destes Centros.<\/p>\n\n\n\n<p>O maior expoente da Oficialidade R\/2 na Grande Guerra foi o Tenente APOLLO Miguel Rezk, cujos feitos o qualificaram para ser um dos grandes her\u00f3is neste embate, sendo o \u00fanico militar brasileiro agraciado pelo Governo dos Estados Unidos com a Medalha &#8220;Cruz de Servi\u00e7os Not\u00e1veis&#8221;, considerada uma das mais importantes condecora\u00e7\u00f5es americanas.<\/p>\n\n\n\n<p>Desde sua cria\u00e7\u00e3o os CPORs E NPORs j\u00e1 formaram mais de 120.000 Oficiais Subalternos. Somados a estes os profissionais da sa\u00fade e os t\u00e9cnicos. Alguns ainda est\u00e3o a servi\u00e7o do nosso Ex\u00e9rcito, e outros, que comp\u00f5em a grande maioria, seguem na vida civil, utilizando, no seu dia a dia, aprendizados obtidos ou lapidados durante sua vida na caserna.<\/p>\n\n\n\n<p>Os \u00d3rg\u00e3os de Forma\u00e7\u00e3o de Oficiais da Reserva, al\u00e9m de Aspirantes a Oficial e Tenentes, formam cidad\u00e3os do mais alto quilate. Somos um ex\u00e9rcito de cabe\u00e7as pensantes e formadoras de opini\u00e3o que trazem ainda no peito, independentemente da idade f\u00edsica, a vibra\u00e7\u00e3o, a lealdade, o companheirismo e um patriotismo impar.<\/p>\n\n\n\n<p>Atrav\u00e9s da Portaria do Comando do Ex\u00e9rcito n\u00ba 429 de 18 de julho de 2006, por proposta do Conselho Nacional de Oficiais da Reserva \u2013 CNOR, comemora-se o dia 04 de novembro, anivers\u00e1rio de Correia Lima, como o Dia do Oficial da Reserva (R\/2).<\/p>\n\n\n\n<p>Parab\u00e9ns aos Oficiais R\/2 de todo o Brasil.<\/p>\n\n\n\n<p class=\"has-text-align-center\">Curitiba \u2013 Pr, 04 de novembro de 2021.<\/p>\n\n\n\n<p class=\"has-text-align-center\">Ten R\/2 Inf Marcos Antonio MARTINS de Lima<\/p>\n\n\n\n<p class=\"has-text-align-center\">Presidente do Conselho Nacional de Oficiais da Reserva &#8211; CNOR<\/p>\n","protected":false},"excerpt":{"rendered":"<p>Luis de Ara\u00fajo Correia Lima nasceu em 04 de novembro de 1891. Espelhado no seu pai o General de Divis\u00e3o Gon\u00e7alo Correia Lima seguiu, tamb\u00e9m, na vida militar.  Formado no Curso de Artilharia da Escola Militar do Realengo, exerceu atividades de vigil\u00e2ncia do litoral e da costa brasileira durante a Primeira Guerra&#8230; (Leia Mais)<\/p>\n","protected":false},"author":1,"featured_media":1258,"comment_status":"closed","ping_status":"open","sticky":false,"template":"","format":"standard","meta":{"rop_custom_images_group":[],"rop_custom_messages_group":[],"rop_publish_now":"initial","rop_publish_now_accounts":[],"rop_publish_now_history":[],"rop_publish_now_status":"pending","_exactmetrics_skip_tracking":false,"_exactmetrics_sitenote_active":false,"_exactmetrics_sitenote_note":"","_exactmetrics_sitenote_category":0,"footnotes":""},"categories":[159,2],"tags":[6,5,240,69],"class_list":["post-1257","post","type-post","status-publish","format-standard","has-post-thumbnail","hentry","category-mensagem","category-noticias","tag-aore","tag-cnor","tag-dia-do-oficial-r-2","tag-r-2"],"_links":{"self":[{"href":"https:\/\/cnor.org.br\/wp\/wp-json\/wp\/v2\/posts\/1257","targetHints":{"allow":["GET"]}}],"collection":[{"href":"https:\/\/cnor.org.br\/wp\/wp-json\/wp\/v2\/posts"}],"about":[{"href":"https:\/\/cnor.org.br\/wp\/wp-json\/wp\/v2\/types\/post"}],"author":[{"embeddable":true,"href":"https:\/\/cnor.org.br\/wp\/wp-json\/wp\/v2\/users\/1"}],"replies":[{"embeddable":true,"href":"https:\/\/cnor.org.br\/wp\/wp-json\/wp\/v2\/comments?post=1257"}],"version-history":[{"count":3,"href":"https:\/\/cnor.org.br\/wp\/wp-json\/wp\/v2\/posts\/1257\/revisions"}],"predecessor-version":[{"id":1263,"href":"https:\/\/cnor.org.br\/wp\/wp-json\/wp\/v2\/posts\/1257\/revisions\/1263"}],"wp:featuredmedia":[{"embeddable":true,"href":"https:\/\/cnor.org.br\/wp\/wp-json\/wp\/v2\/media\/1258"}],"wp:attachment":[{"href":"https:\/\/cnor.org.br\/wp\/wp-json\/wp\/v2\/media?parent=1257"}],"wp:term":[{"taxonomy":"category","embeddable":true,"href":"https:\/\/cnor.org.br\/wp\/wp-json\/wp\/v2\/categories?post=1257"},{"taxonomy":"post_tag","embeddable":true,"href":"https:\/\/cnor.org.br\/wp\/wp-json\/wp\/v2\/tags?post=1257"}],"curies":[{"name":"wp","href":"https:\/\/api.w.org\/{rel}","templated":true}]}}