{"id":737,"date":"2019-05-02T04:25:34","date_gmt":"2019-05-02T07:25:34","guid":{"rendered":"https:\/\/cnor.org.br\/wp\/?p=737"},"modified":"2019-05-08T04:26:16","modified_gmt":"2019-05-08T07:26:16","slug":"em-cuiaba-no-estado-do-mato-grosso-oficiais-da-reserva-realizam-encontro-regional-no-batalhao-laguna","status":"publish","type":"post","link":"https:\/\/cnor.org.br\/wp\/2019\/05\/02\/em-cuiaba-no-estado-do-mato-grosso-oficiais-da-reserva-realizam-encontro-regional-no-batalhao-laguna\/","title":{"rendered":"Em Cuiab\u00e1, no Estado do Mato Grosso, oficiais da reserva realizam encontro Regional no Batalh\u00e3o Laguna"},"content":{"rendered":"\n<p><strong>Cuiab\u00e1 (MT) \u2013<\/strong>&nbsp;No dia 26 de abril, foi realizada no 44\u00ba Batalh\u00e3o de Infantaria Motorizado (44\u00ba BI Mtz), o encontro dos oficiais integrantes da Associa\u00e7\u00e3o de Oficiais da Reserva em Mato Grosso (AORE). A atividade, que foi presidida pelo General de Brigada&nbsp;<strong>Fernando Dias Herzer<\/strong>, Comandante da 13\u00aa Brigada de Infantaria Motorizada, e contou com a presen\u00e7a de autoridades civis e militares&nbsp;e mais de 40 oficiais da reserva.<\/p>\n\n\n\n<p>O encontro teve por finalidade o estreitamento dos la\u00e7os de amizade, realiza\u00e7\u00e3o de um ciclo de palestras, atividades de confraterniza\u00e7\u00e3o e reviver os momentos de caserna.<\/p>\n\n\n\n<p>Ap\u00f3s a formatura da tropa do 44\u00ba BI Mtz, foi realizada, na Unidade, uma exposi\u00e7\u00e3o de material de emprego militar do Ex\u00e9rcito e\u00a0de institui\u00e7\u00f5es nas \u00e1reas de seguran\u00e7a p\u00fabica, fiscaliza\u00e7\u00e3o e de educa\u00e7\u00e3o. Em seguida, ocorreu\u00a0uma\u00a0visita\u00e7\u00e3o ao Espa\u00e7o Cultural do 44\u00ba BI Mtz por escolas p\u00fablicas convidadas para o evento.<\/p>\n\n\n\n<p>Fonte: <a href=\"http:\/\/www.eb.mil.br\/web\/noticias\/rss\/-\/journal_content\/56\/8357041\/9824549?refererPlid=13217\" target=\"_blank\" rel=\"noreferrer noopener\" aria-label=\"Ex\u00e9rcito Brasileiro (abre numa nova aba)\">Ex\u00e9rcito Brasileiro<\/a><\/p>\n","protected":false},"excerpt":{"rendered":"<p>Cuiab\u00e1 (MT) \u2013 No dia 26 de abril, foi realizada no 44\u00ba Batalh\u00e3o de Infantaria Motorizado (44\u00ba BI Mtz), o encontro dos oficiais integrantes da Associa\u00e7\u00e3o de Oficiais da Reserva em Mato Grosso (AORE).<\/p>\n","protected":false},"author":1,"featured_media":738,"comment_status":"open","ping_status":"open","sticky":false,"template":"","format":"standard","meta":{"rop_custom_images_group":[],"rop_custom_messages_group":[],"rop_publish_now":"initial","rop_publish_now_accounts":[],"rop_publish_now_history":[],"rop_publish_now_status":"pending","_exactmetrics_skip_tracking":false,"_exactmetrics_sitenote_active":false,"_exactmetrics_sitenote_note":"","_exactmetrics_sitenote_category":0,"footnotes":""},"categories":[2],"tags":[6,97,98,136,135],"class_list":["post-737","post","type-post","status-publish","format-standard","has-post-thumbnail","hentry","category-noticias","tag-aore","tag-cuiaba","tag-encontro","tag-erorex","tag-mt"],"_links":{"self":[{"href":"https:\/\/cnor.org.br\/wp\/wp-json\/wp\/v2\/posts\/737","targetHints":{"allow":["GET"]}}],"collection":[{"href":"https:\/\/cnor.org.br\/wp\/wp-json\/wp\/v2\/posts"}],"about":[{"href":"https:\/\/cnor.org.br\/wp\/wp-json\/wp\/v2\/types\/post"}],"author":[{"embeddable":true,"href":"https:\/\/cnor.org.br\/wp\/wp-json\/wp\/v2\/users\/1"}],"replies":[{"embeddable":true,"href":"https:\/\/cnor.org.br\/wp\/wp-json\/wp\/v2\/comments?post=737"}],"version-history":[{"count":2,"href":"https:\/\/cnor.org.br\/wp\/wp-json\/wp\/v2\/posts\/737\/revisions"}],"predecessor-version":[{"id":740,"href":"https:\/\/cnor.org.br\/wp\/wp-json\/wp\/v2\/posts\/737\/revisions\/740"}],"wp:featuredmedia":[{"embeddable":true,"href":"https:\/\/cnor.org.br\/wp\/wp-json\/wp\/v2\/media\/738"}],"wp:attachment":[{"href":"https:\/\/cnor.org.br\/wp\/wp-json\/wp\/v2\/media?parent=737"}],"wp:term":[{"taxonomy":"category","embeddable":true,"href":"https:\/\/cnor.org.br\/wp\/wp-json\/wp\/v2\/categories?post=737"},{"taxonomy":"post_tag","embeddable":true,"href":"https:\/\/cnor.org.br\/wp\/wp-json\/wp\/v2\/tags?post=737"}],"curies":[{"name":"wp","href":"https:\/\/api.w.org\/{rel}","templated":true}]}}