{"id":910,"date":"2020-04-19T19:29:54","date_gmt":"2020-04-19T22:29:54","guid":{"rendered":"https:\/\/cnor.org.br\/wp\/?p=910"},"modified":"2020-05-15T23:30:30","modified_gmt":"2020-05-16T02:30:30","slug":"conselho-nacional-de-oficiais-da-reserva-23-anos","status":"publish","type":"post","link":"https:\/\/cnor.org.br\/wp\/2020\/04\/19\/conselho-nacional-de-oficiais-da-reserva-23-anos\/","title":{"rendered":"CONSELHO NACIONAL DE OFICIAIS DA RESERVA &#8211; 23 ANOS"},"content":{"rendered":"\n<p>O Conselho Nacional de Oficiais da Reserva &#8211; CNOR &#8211; foi criado em 22 de abril de 1997, com a denomina\u00e7\u00e3o de Conselho Nacional de Oficiais R\/2 do Brasil, no Centro de Prepara\u00e7\u00e3o de Oficiais da Reserva do Rio de Janeiro &#8211; CPOR\/RJ &#8211; durante a realiza\u00e7\u00e3o do I Encontro Nacional de Oficiais da Reserva do Ex\u00e9rcito &#8211; I ENOREx &#8211; promovido pela Associa\u00e7\u00e3o dos Ex-Alunos do CPOR\/RJ, fundada cinco anos antes, em 13 de abril de 1992, (atual Associa\u00e7\u00e3o dos Oficiais da Reserva do Rio de Janeiro &#8211; AORE\/RJ).<\/p>\n\n\n\n<p>&nbsp;&nbsp; O I ENOREx, conforme meu relato em depoimento no livro \u201cForma\u00e7\u00e3o de Oficiais da Reserva\u201d, da Cole\u00e7\u00e3o Hist\u00f3ria Oral do Ex\u00e9rcito, publica\u00e7\u00e3o da Biblioteca do Ex\u00e9rcito, (2010, pag. 173 a 194), surgiu em decorr\u00eancia de uma conversa que tive com o grande chefe militar General de Ex\u00e9rcito Gleuber Vieira, ent\u00e3o Chefe do Departamento de Ensino e Pesquisa do Ex\u00e9rcito (DEP), atualmente Departamento de Educa\u00e7\u00e3o e Cultura do Ex\u00e9rcito (DECEx). No ano de 1996, como presidente da AssEx-AlCPOR\/RJ desde a sua funda\u00e7\u00e3o em 1992, promovi o I Ciclo de Palestras de Atualiza\u00e7\u00e3o de Oficiais R\/2 no audit\u00f3rio do CPOR\/RJ. O Ciclo, realizado em tr\u00eas s\u00e1bados, teve a presen\u00e7a de cerca de 100 (cem) oficiais R\/2. No encerramento do evento, ap\u00f3s a palestra do Chefe do DEP, houve um jogo de futebol entre os times da Associa\u00e7\u00e3o e dos oficiais do CPOR\/RJ, seguido de almo\u00e7o, durante o qual o General Gleuber perguntou-me se sabia da exist\u00eancia de outras entidades cong\u00eaneres no Brasil. Respondi-lhe que sim. Ele ent\u00e3o, com o discernimento dos grandes comandantes, sugeriu-me a realiza\u00e7\u00e3o de um encontro das diretorias dessas entidades, no CPOR\/RJ, com o apoio da OM, da Diretoria de Forma\u00e7\u00e3o e Aperfei\u00e7oamento (DFA, hoje DESMil) e do pr\u00f3prio DEP. Acrescentou, ainda, com sua habitual lucidez, que desse encontro talvez pudesse surgir uma entidade central, aglutinadora das demais, que seria o elo com o comando do Ex\u00e9rcito. Claro que, para mim, tais sugest\u00f5es tiveram o sentido de miss\u00e3o dada, miss\u00e3o cumprida. Assim, no ano seguinte &#8211; 1997, realizamos com total sucesso o I ENOREx, quando foi fundado o CNOR, com a participa\u00e7\u00e3o das Associa\u00e7\u00f5es do Rio de Janeiro, S\u00e3o Paulo, Recife, Belo Horizonte, Petr\u00f3polis e Porto Alegre, tendo como entidade convidada a Sociedade de Amigos do CPOR\/SP (SOAMI).<\/p>\n\n\n\n<p>&nbsp;&nbsp;&nbsp; Dai em diante, at\u00e9 os dias atuais, foi uma longa miss\u00e3o. Durante vinte anos, de 1997 a 2017, meus companheiros oficiais R\/2, irm\u00e3os de armas, sentimentos, valores e ideais, me honraram com a presid\u00eancia CNOR. Juntos, conduzimos a entidade nacional ao destaque que hoje desfruta na sociedade, em especial no meio militar. Vinte anos foi uma longa jornada. Com muito trabalho, in\u00fameras alegrias, algumas tristezas, felizmente poucas decep\u00e7\u00f5es. Agrade\u00e7o \u00e0s centenas de camaradas que, por todo esse tempo, colaboraram para o \u00eaxito da miss\u00e3o. Muitos deles j\u00e1 n\u00e3o se encontram, fisicamente, entre n\u00f3s. Mas suas a\u00e7\u00f5es, solidariedade, companheirismo e dedica\u00e7\u00e3o, jamais ser\u00e3o esquecidos. Certamente est\u00e3o no comando das Legi\u00f5es Celestes. Um agradecimento especial aos companheiros da ativa, Chefes, Comandantes e Subordinados, pelo incentivo e fundamental apoio ao CNOR.<\/p>\n\n\n\n<p>&nbsp;&nbsp;&nbsp; O Conselho Nacional de Oficiais R\/2 veio para ficar. As gera\u00e7\u00f5es que sucederam aqueles pioneiros que, como eu, ensarilharam as armas, haver\u00e3o de aprimorar, cada vez mais, o SISTEMA CNOR.<\/p>\n\n\n\n<p>&nbsp;&nbsp; \u00c0 Diretoria do Conselho Nacional dos Oficiais da Reserva, na pessoa de seu insigne presidente, Tenente Rog\u00e9rio, aos presidentes, diretores e associados das quase trinta entidades filiadas e a todos os Oficiais da Reserva das For\u00e7as Armadas brasileiras, meus cumprimentos pelo 23\u00ba anivers\u00e1rio da entidade. BRASIL ACIMA DE TUDO!<\/p>\n\n\n\n<p class=\"has-text-align-center\">Rio de Janeiro, 22 de abril de 2020<\/p>\n\n\n\n<p class=\"has-text-align-center\">S\u00e9rgio Pinto Monteiro &#8211; 2\u00ba Ten R\/2 Art &#8211; CPOR\/RJ &#8211; Tu 1961<\/p>\n\n\n\n<p class=\"has-text-align-center\">PATRONO DO CONSELHO NACIONAL DE OFICIAIS DA RESERVA<\/p>\n","protected":false},"excerpt":{"rendered":"<p>O Conselho Nacional de Oficiais da Reserva &#8211; CNOR &#8211; foi criado em 22 de abril de 1997, com a denomina\u00e7\u00e3o de Conselho Nacional de Oficiais R\/2 do Brasil, no Centro de Prepara\u00e7\u00e3o de Oficiais da Reserva do Rio de Janeiro &#8211; CPOR\/RJ&#8230; (Leia Mais)<\/p>\n","protected":false},"author":1,"featured_media":929,"comment_status":"open","ping_status":"open","sticky":false,"template":"","format":"standard","meta":{"rop_custom_images_group":[],"rop_custom_messages_group":[],"rop_publish_now":"initial","rop_publish_now_accounts":[],"rop_publish_now_history":[],"rop_publish_now_status":"pending","_exactmetrics_skip_tracking":false,"_exactmetrics_sitenote_active":false,"_exactmetrics_sitenote_note":"","_exactmetrics_sitenote_category":0,"footnotes":""},"categories":[111],"tags":[170,5,171],"class_list":["post-910","post","type-post","status-publish","format-standard","has-post-thumbnail","hentry","category-artigos","tag-23-anos","tag-cnor","tag-ten-monteiro"],"_links":{"self":[{"href":"https:\/\/cnor.org.br\/wp\/wp-json\/wp\/v2\/posts\/910","targetHints":{"allow":["GET"]}}],"collection":[{"href":"https:\/\/cnor.org.br\/wp\/wp-json\/wp\/v2\/posts"}],"about":[{"href":"https:\/\/cnor.org.br\/wp\/wp-json\/wp\/v2\/types\/post"}],"author":[{"embeddable":true,"href":"https:\/\/cnor.org.br\/wp\/wp-json\/wp\/v2\/users\/1"}],"replies":[{"embeddable":true,"href":"https:\/\/cnor.org.br\/wp\/wp-json\/wp\/v2\/comments?post=910"}],"version-history":[{"count":3,"href":"https:\/\/cnor.org.br\/wp\/wp-json\/wp\/v2\/posts\/910\/revisions"}],"predecessor-version":[{"id":930,"href":"https:\/\/cnor.org.br\/wp\/wp-json\/wp\/v2\/posts\/910\/revisions\/930"}],"wp:featuredmedia":[{"embeddable":true,"href":"https:\/\/cnor.org.br\/wp\/wp-json\/wp\/v2\/media\/929"}],"wp:attachment":[{"href":"https:\/\/cnor.org.br\/wp\/wp-json\/wp\/v2\/media?parent=910"}],"wp:term":[{"taxonomy":"category","embeddable":true,"href":"https:\/\/cnor.org.br\/wp\/wp-json\/wp\/v2\/categories?post=910"},{"taxonomy":"post_tag","embeddable":true,"href":"https:\/\/cnor.org.br\/wp\/wp-json\/wp\/v2\/tags?post=910"}],"curies":[{"name":"wp","href":"https:\/\/api.w.org\/{rel}","templated":true}]}}